{"id":4442,"date":"2019-07-19T16:00:59","date_gmt":"2019-07-19T14:00:59","guid":{"rendered":"https:\/\/www.twojesoczewki.com\/blog\/?p=4442"},"modified":"2021-02-25T13:52:32","modified_gmt":"2021-02-25T12:52:32","slug":"co-mowia-o-tobie-twoje-okulary-korekcyjne","status":"publish","type":"post","link":"https:\/\/www.twojesoczewki.com\/blog\/co-mowia-o-tobie-twoje-okulary-korekcyjne\/","title":{"rendered":"Co m\u00f3wi\u0105 o Tobie Twoje okulary korekcyjne?"},"content":{"rendered":"<p><strong>Pierwsze skojarzenia, jakie mamy z osobami nosz\u0105cymi okulary to inteligencja, m\u0105dro\u015b\u0107 i pracowito\u015b\u0107. Jednak wachlarz skojarze\u0144 mo\u017ce by\u0107 znacznie szerszy. Dzisiaj sprawdzili\u015bmy, co o \u201cokularnikach\u201d pisz\u0105 psychologowie. Oto, co m\u00f3wi\u0105 o Tobie <a href=\"https:\/\/www.twojesoczewki.com\/52-okulary-korekcyjne\">okulary korekcyjne<\/a>, kt\u00f3re nosisz!<\/strong><\/p>\n<p>Ma\u0142o kto my\u015bli o tym na co dzie\u0144, ale okulary mog\u0105 by\u0107 tak samo wa\u017cnym elementem ubioru, jak bluzka, sukienka, czy bi\u017cuteria, kt\u00f3r\u0105 nosimy. Dobrze dobrane mog\u0105 wspaniale uzupe\u0142nia\u0107 nasz\u0105 stylizacj\u0119 do pracy, albo na wieczorne wyj\u015bcie. Okulary s\u0105 wa\u017cnym elementem &#8211; nosimy je bowiem na twarzy, na kt\u00f3r\u0105 zawsze zwraca uwag\u0119 nasz rozm\u00f3wca. Co wi\u0119cej, spogl\u0105da on przez nie w nasze oczy!<\/p>\n<h2>Okulary z psychologicznego punktu widzenia<\/h2>\n<p>Psychologowie stawiaj\u0105 spraw\u0119 jasno &#8211; to jakie <a href=\"https:\/\/www.twojesoczewki.com\/52-okulary-korekcyjne\"><strong>okulary<\/strong> <\/a>nosisz, wp\u0142ywa na to jak jeste\u015b postrzegany przez ludzi dooko\u0142a! Sprawia to, \u017ce b\u0119dziesz uznany za osob\u0119 prawdom\u00f3wn\u0105, inteligentn\u0105, oczytan\u0105, wyrafinowan\u0105 i pracowit\u0105 &#8211; to same dobre cechy! Medal ma jednak dwie strony &#8211; wiele os\u00f3b postrzega okularnik\u00f3w jako osoby mniej atrakcyjne i \u201cspo\u0142ecznie dziwaczne\u201d. W przypadku m\u0119\u017cczyzn nosz\u0105cych okulary, utar\u0142o si\u0119, \u017ce nie maj\u0105 oni cech przyw\u00f3dczych i s\u0105 mniej atrakcyjni, ni\u017c ci bez nich.<\/p>\n<p>Co ciekawe, je\u015bli nosisz okulary, przez niekt\u00f3rych mo\u017cesz by\u0107 postrzegana jako osoba o wy\u017cszym statusie spo\u0142ecznym! Je\u015bli znowu Twoje okulary maj\u0105 widoczny markowy logotyp, mo\u017ce by\u0107 to odczytane na dwa sposoby: wskazuje to na to, \u017ce jeste\u015b ugodowym ekstrawertykiem, kt\u00f3ry swoj\u0105 prac\u0119 wykonuje bardzo sumiennie i lubi by\u0107 na topie. Z drugiej strony mo\u017cesz by\u0107 neurotykiem, kt\u00f3remu zale\u017cy na dobrym wra\u017ceniu z obawy przed odrzuceniem.<\/p>\n<p>Je\u015bli lubisz <strong>okulary z grubymi ramkami<\/strong>, jeste\u015b osob\u0105 kt\u00f3ra lubi rzuca\u0107 si\u0119 w oczy, bardzo charakterystyczn\u0105 &#8211; ludzie szybko Ci\u0119 zapami\u0119tuj\u0105. Zgo\u0142a odmiennie si\u0119 dzieje, je\u015bli wybierasz modele <strong>bezramkowe<\/strong> &#8211; trudniej tak\u0105 osob\u0119 zapami\u0119ta\u0107, ale znowu wzbudza wi\u0119ksze zaufanie.<\/p>\n<h2>Kszta\u0142t oprawek, a cechy i charakter cz\u0142owieka<\/h2>\n<p>Mamy jeszcze kilka skojarze\u0144, kt\u00f3re zwi\u0105zane s\u0105 z tym, jaki kszta\u0142t oprawek nosimy:<br \/>\n\u2705 <a href=\"https:\/\/www.twojesoczewki.com\/52-okulary-korekcyjne?q=Kszta\u0142t-prostok\u0105tne\"><strong>prostok\u0105tne okulary<\/strong><\/a> oznaczaj\u0105 profesjonalizm, m\u0105dro\u015b\u0107, wiedz\u0119 i inteligencj\u0119, a ponadto przebojowo\u015b\u0107. Okre\u015blane s\u0105 tak\u017ce popularnie \u201ckujonkami\u201d, co wi\u0105\u017ce si\u0119 z powy\u017cszymi cechami.<\/p>\n<div class=\"card-deck\">\n<div class=\"card\">\n<p><a href=\"https:\/\/www.twojesoczewki.com\/oprawy-korekcyjne-ray-ban\/768-ray-ban-5121-wayfarer-kolor-2000-rozmiar-50.html\"><img fetchpriority=\"high\" decoding=\"async\" class=\"card-img-top\" title=\"Ray-Ban 5121 WAYFARER kolor 2000 Rozmiar: 50\" src=\"https:\/\/www.twojesoczewki.com\/blog\/wp-content\/uploads\/2019\/07\/ray-ban-5121-wayfarer-kolor-2000.jpg\" alt=\"Ray-Ban 5121 WAYFARER kolor 2000 Rozmiar: 50\" width=\"1020\" height=\"660\" \/><\/a><\/p>\n<div class=\"card-body\">\n<p><a class=\"btn btn-primary btn-lg btn-block\" tabindex=\"-1\" role=\"button\" href=\"https:\/\/www.twojesoczewki.com\/oprawy-korekcyjne-ray-ban\/768-ray-ban-5121-wayfarer-kolor-2000-rozmiar-50.html\" aria-disabled=\"true\">Kup teraz<\/a><\/p>\n<p class=\"text-center\"><span style=\"font-size: 12pt;\">Ray-Ban 5121 WAYFARER kolor 2000 Rozmiar: 50<\/span><\/p>\n<\/div>\n<\/div>\n<div class=\"card\">\n<p><a href=\"https:\/\/www.twojesoczewki.com\/oprawy-korekcyjne-ray-ban\/4488-ray-ban-5184-new-wayfarer-kolor-5630-rozmiar-52.html\"><img decoding=\"async\" class=\"card-img-top\" title=\"Daily HD\u2122 30 soczewek\" src=\"https:\/\/www.twojesoczewki.com\/blog\/wp-content\/uploads\/2019\/07\/ray-ban-5184-new-wayfarer-kolor-5630.jpg\" alt=\"Ray-Ban 5184 NEW WAYFARER kolor 5630 Rozmiar: 52\" width=\"1020\" height=\"660\" \/><\/a><\/p>\n<div class=\"card-body\">\n<p><a class=\"btn btn-primary btn-lg btn-block\" tabindex=\"-1\" role=\"button\" href=\"https:\/\/www.twojesoczewki.com\/oprawy-korekcyjne-ray-ban\/4488-ray-ban-5184-new-wayfarer-kolor-5630-rozmiar-52.html\" aria-disabled=\"true\">Kup teraz<\/a><\/p>\n<p class=\"text-center\"><span style=\"font-size: 12pt;\">Ray-Ban 5184 NEW WAYFARER kolor 5630 Rozmiar: 52<\/span><\/p>\n<\/div>\n<\/div>\n<div class=\"card\">\n<p><a href=\"https:\/\/www.twojesoczewki.com\/oprawy-korekcyjne-ray-ban\/4110-okulary-ray-ban-5184-kolor-5583-rozmiar-54.html\"><img decoding=\"async\" class=\"card-img-top\" title=\"DailY GMA\u2122 30 soczewek\" src=\"https:\/\/www.twojesoczewki.com\/blog\/wp-content\/uploads\/2019\/07\/ray-ban-5184-new-wayfarer.jpg\" alt=\"Ray-Ban 5184 NEW WAYFARER kolor 5583 Rozmiar: 54\" width=\"1020\" height=\"660\" \/><\/a><\/p>\n<div class=\"card-body\">\n<p><a class=\"btn btn-primary btn-lg btn-block\" tabindex=\"-1\" role=\"button\" href=\"https:\/\/www.twojesoczewki.com\/oprawy-korekcyjne-ray-ban\/4110-okulary-ray-ban-5184-kolor-5583-rozmiar-54.html\" aria-disabled=\"true\">Kup teraz<\/a><\/p>\n<p class=\"text-center\"><span style=\"font-size: 12pt;\">Ray-Ban 5184 NEW WAYFARER kolor 5583 Rozmiar: 54<\/span><\/p>\n<\/div>\n<\/div>\n<\/div>\n<p>\u2705 oprawki rogowe &#8211; nosz\u0105 je osoby chaotyczne, bardzo emocjonalne, maj\u0105ce uzdolnienia artystyczne.<br \/>\n\u2705 <a href=\"https:\/\/www.twojesoczewki.com\/52-okulary-korekcyjne?q=Kszta\u0142t-kocie\"><strong>kocie okulary<\/strong><\/a> nosz\u0105 osoby zalotne, kt\u00f3re lubi\u0105 kokietowa\u0107.<br \/>\n\u2705 <a href=\"https:\/\/www.twojesoczewki.com\/52-okulary-korekcyjne?q=Kszta\u0142t-owalne-round\"><strong>okr\u0105g\u0142e okulary<\/strong><\/a> nosz\u0105 osoby dobroduszne, \u0142agodne, spokojne, kt\u00f3re nie lubi\u0105 stosowania agresji. Pokochali je hippisi. Nosi\u0142 je np. John Lennon, przyk\u0142adowe modele.<\/p>\n<div class=\"card-deck\">\n<div class=\"card\">\n<p><a href=\"https:\/\/www.twojesoczewki.com\/oprawy-korekcyjne-ray-ban\/1170-ray-ban-5257-kolor-5110.html\"><img loading=\"lazy\" decoding=\"async\" class=\"card-img-top\" title=\"Ray-Ban 5257 kolor 5110 rozmiar 47\" src=\"https:\/\/www.twojesoczewki.com\/blog\/wp-content\/uploads\/2019\/07\/ray-ban-5257.jpg\" alt=\"Ray-Ban 5257 kolor 5110 rozmiar 47\" width=\"1020\" height=\"660\" \/><\/a><\/p>\n<div class=\"card-body\">\n<p><a class=\"btn btn-primary btn-lg btn-block\" tabindex=\"-1\" role=\"button\" href=\"https:\/\/www.twojesoczewki.com\/oprawy-korekcyjne-ray-ban\/1170-ray-ban-5257-kolor-5110.html\" aria-disabled=\"true\">Kup teraz<\/a><\/p>\n<p class=\"text-center\"><span style=\"font-size: 12pt;\">Ray-Ban 5257 kolor 5110 rozmiar 47<\/span><\/p>\n<\/div>\n<\/div>\n<div class=\"card\">\n<p><a href=\"https:\/\/www.twojesoczewki.com\/oprawy-korekcyjne-ray-ban\/4649-okulary-ray-ban-6378-kolor-2904-rozmiar-49.html\"><img loading=\"lazy\" decoding=\"async\" class=\"card-img-top\" title=\"Ray-Ban 6378 kolor 2904 rozmiar 49\" src=\"https:\/\/www.twojesoczewki.com\/blog\/wp-content\/uploads\/2019\/07\/ray-ban-6378-kolor-2904.jpg\" alt=\"Ray-Ban 6378 kolor 2904 rozmiar 49\" width=\"1020\" height=\"660\" \/><\/a><\/p>\n<div class=\"card-body\">\n<p><a class=\"btn btn-primary btn-lg btn-block\" tabindex=\"-1\" role=\"button\" href=\"https:\/\/www.twojesoczewki.com\/oprawy-korekcyjne-ray-ban\/4649-okulary-ray-ban-6378-kolor-2904-rozmiar-49.html\" aria-disabled=\"true\">Kup teraz<\/a><\/p>\n<p class=\"text-center\"><span style=\"font-size: 12pt;\">Ray-Ban 6378 kolor 2904 rozmiar 49<\/span><\/p>\n<\/div>\n<\/div>\n<div class=\"card\">\n<p><a href=\"https:\/\/www.twojesoczewki.com\/oprawy-korekcyjne-ray-ban\/4875-okulary-ray-ban-7097-kolor-5632-rozmiar-49.html\"><img loading=\"lazy\" decoding=\"async\" class=\"card-img-top\" title=\"Ray-Ban 7097 kolor 5632 rozmiar 49\" src=\"https:\/\/www.twojesoczewki.com\/blog\/wp-content\/uploads\/2019\/07\/ray-ban-7097.jpg\" alt=\"Ray-Ban 7097 kolor 5632 rozmiar 49\" width=\"1020\" height=\"660\" \/><\/a><\/p>\n<div class=\"card-body\">\n<p><a class=\"btn btn-primary btn-lg btn-block\" tabindex=\"-1\" role=\"button\" href=\"https:\/\/www.twojesoczewki.com\/oprawy-korekcyjne-ray-ban\/4875-okulary-ray-ban-7097-kolor-5632-rozmiar-49.html\" aria-disabled=\"true\">Kup teraz<\/a><\/p>\n<p class=\"text-center\"><span style=\"font-size: 12pt;\">Ray-Ban 7097 kolor 5632 rozmiar 49<\/span><\/p>\n<\/div>\n<\/div>\n<\/div>\n<p>Kolejna rzecz, na kt\u00f3r\u0105 zwracaj\u0105 uwag\u0119 psychologowie to kolor okular\u00f3w:<br \/>\n???? ciemne sprawiaj\u0105 wra\u017cenie, \u017ce w\u0142a\u015bciciel okular\u00f3w to osoba bardzo powa\u017cna,<br \/>\n???? intensywne \u201eostre\u201d kolory wybieraj\u0105 osoby dynamiczne oraz kreatywne,<br \/>\n???? ciep\u0142e, pastelowe odcienie s\u0105 idealne dla os\u00f3b, kt\u00f3re charakteryzuje spok\u00f3j i r\u00f3wnowaga.<\/p>\n<h2>Baw si\u0119 swoim wizerunkiem!<\/h2>\n<p>prawda jest taka, \u017ce powinno nam zale\u017ce\u0107 przede wszystkim na tym, by by\u0142y odpowiednio dobrane do kszta\u0142tu oraz wielko\u015bci naszej twarzy. Wybierzmy co\u015b, co nam si\u0119 spodoba, b\u0119dzie pasowa\u0142o do naszego charakteru oraz stylu ubierania si\u0119. Je\u015bli jeste\u015bmy odwa\u017cniejsi, nie b\u00f3jmy si\u0119 bawi\u0107 ze swoim wizerunkiem!<\/p>\n<p>W przypadku, gdy okulary nosimy na sta\u0142e i nasza wada wzroku nie pog\u0142\u0119bia si\u0119, warto mie\u0107 kilka par ciekawych par okular\u00f3w, mog\u0105 mie\u0107 r\u00f3\u017cne kszta\u0142ty i kolory. B\u0119d\u0105 tym samym pasowa\u0142y do r\u00f3\u017cnych stylizacji oraz form sp\u0119dzania czasu. Je\u015bli cz\u0119sto je\u017adzimy samochodem albo uprawiamy sporty wodne, albo \u015bnie\u017cne, warto pomy\u015ble\u0107 o tym, by mia\u0142y one polaryzacj\u0119. Warto porozmawia\u0107 z <a href=\"https:\/\/www.twojesoczewki.com\/blog\/kto-bada-nasz-wzrok-optyk-okulista-optometrysta-refrakcjonista\/\"><strong>okulist\u0105<\/strong><\/a>, lub <a href=\"https:\/\/www.twojesoczewki.com\/blog\/kto-bada-nasz-wzrok-optyk-okulista-optometrysta-refrakcjonista\/\"><strong>optometryst\u0105<\/strong> <\/a>o naszych codziennych aktywno\u015bciach &#8211; pomog\u0105 nam oni wybra\u0107 odpowiednie pow\u0142oki do soczewek okularowych, kt\u00f3re wspomog\u0105 nas w codzienno\u015bci z okularami.<\/p>\n<figure id=\"attachment_4238\" aria-describedby=\"caption-attachment-4238\" style=\"width: 1400px\" class=\"wp-caption aligncenter\"><a href=\"https:\/\/www.twojesoczewki.com\/nasze-sklepy\/#badanie\"><img loading=\"lazy\" decoding=\"async\" class=\"wp-image-4238 size-full\" title=\"Badanie wzroku za 9 z\u0142\" src=\"https:\/\/www.twojesoczewki.com\/blog\/wp-content\/uploads\/2019\/04\/badanie-wzroku-za-9-zl.jpg\" alt=\"Badanie wzroku za 9 z\u0142\" width=\"1400\" height=\"600\" \/><\/a><figcaption id=\"caption-attachment-4238\" class=\"wp-caption-text\">Badanie wzroku za 9 z\u0142<\/figcaption><\/figure>\n<p>&nbsp;<\/p>\n","protected":false},"excerpt":{"rendered":"<p>Pierwsze skojarzenia, jakie mamy z osobami nosz\u0105cymi okulary to inteligencja, m\u0105dro\u015b\u0107 i pracowito\u015b\u0107. Jednak wachlarz skojarze\u0144 mo\u017ce by\u0107 znacznie szerszy.<\/p>\n","protected":false},"author":2,"featured_media":4444,"comment_status":"closed","ping_status":"closed","sticky":false,"template":"","format":"standard","meta":{"_jet_sm_ready_style":"","_jet_sm_style":"","_jet_sm_controls_values":"","_jet_sm_fonts_collection":"","_jet_sm_fonts_links":"","footnotes":""},"categories":[135],"tags":[],"class_list":["post-4442","post","type-post","status-publish","format-standard","has-post-thumbnail","hentry","category-aktualnosci"],"_links":{"self":[{"href":"https:\/\/www.twojesoczewki.com\/blog\/wp-json\/wp\/v2\/posts\/4442","targetHints":{"allow":["GET"]}}],"collection":[{"href":"https:\/\/www.twojesoczewki.com\/blog\/wp-json\/wp\/v2\/posts"}],"about":[{"href":"https:\/\/www.twojesoczewki.com\/blog\/wp-json\/wp\/v2\/types\/post"}],"author":[{"embeddable":true,"href":"https:\/\/www.twojesoczewki.com\/blog\/wp-json\/wp\/v2\/users\/2"}],"replies":[{"embeddable":true,"href":"https:\/\/www.twojesoczewki.com\/blog\/wp-json\/wp\/v2\/comments?post=4442"}],"version-history":[{"count":1,"href":"https:\/\/www.twojesoczewki.com\/blog\/wp-json\/wp\/v2\/posts\/4442\/revisions"}],"predecessor-version":[{"id":5880,"href":"https:\/\/www.twojesoczewki.com\/blog\/wp-json\/wp\/v2\/posts\/4442\/revisions\/5880"}],"wp:featuredmedia":[{"embeddable":true,"href":"https:\/\/www.twojesoczewki.com\/blog\/wp-json\/"}],"wp:attachment":[{"href":"https:\/\/www.twojesoczewki.com\/blog\/wp-json\/wp\/v2\/media?parent=4442"}],"wp:term":[{"taxonomy":"category","embeddable":true,"href":"https:\/\/www.twojesoczewki.com\/blog\/wp-json\/wp\/v2\/categories?post=4442"},{"taxonomy":"post_tag","embeddable":true,"href":"https:\/\/www.twojesoczewki.com\/blog\/wp-json\/wp\/v2\/tags?post=4442"}],"curies":[{"name":"wp","href":"https:\/\/api.w.org\/{rel}","templated":true}]}}